{"id":17267,"date":"2026-09-03T20:44:29","date_gmt":"2026-09-03T19:44:29","guid":{"rendered":"https:\/\/www.politicanuova.ch\/?p=17267"},"modified":"2026-09-03T20:44:31","modified_gmt":"2026-09-03T19:44:31","slug":"la-svizzera-sinchina-alla-nato-e-svuota-le-tasche-dei-cittadini","status":"publish","type":"post","link":"https:\/\/www.politicanuova.ch\/?p=17267","title":{"rendered":"La Svizzera s&#8217;inchina alla NATO e svuota le tasche dei cittadini"},"content":{"rendered":"\n<p class=\"wp-block-paragraph\">Sono miliardi i franchi regalati all&#8217;industria bellica statunitense e sionista mentre i servizi pubblici nel nostro Paese vengono tagliati. La denuncia dell&#8217;ex ambasciatore dissidente Jean-Daniel Ruch squarcia il velo d&#8217;ipocrisia del Dipartimento federale della difesa: incompetenza, corruzione o sottomissione geopolitica?<\/p>\n\n\n\n<h2 class=\"wp-block-heading\"><strong>La rimozione di Jean-Daniel Ruch e il \u201cPutsch della NATO\u201d a Berna<\/strong><\/h2>\n\n\n\n<p class=\"wp-block-paragraph\">Non avevamo torto quando, dalle colonne di questo sito denunciavamo le manovre torbide dietro la clamorosa defenestrazione dell&#8217;ambasciatore&nbsp; svizzero <strong>Jean-Daniel Ruch<\/strong>. La vicenda, ricostruita allora con precisione dal segretario del Partito Comunista <strong>Massimiliano Ay<\/strong> e svelata nei suoi dettagli pi\u00f9 inquietanti dal portale giornalistico indipendente che oggi \u00e8 <em>Antithese.info<\/em>, rappresenta una ferita alla sovranit\u00e0 della Confederazione.<\/p>\n\n\n\n<p class=\"wp-block-paragraph\">Proviamo a ripercorrere i fatti. Il 15 settembre 2023, la consigliera federale <strong>Viola Amherd<\/strong> presentava in pompa magna Ruch come il nuovo \u201csuper-funzionario\u201d destinato a guidare il neonato Segretariato di Stato per la politica di sicurezza (SEPOS). Ruch, diplomatico di lungo corso, incarnava una visione della diplomazia elvetica basata sulla neutralit\u00e0 attiva. Nel corso della sua carriera aveva favorito il dialogo con tutti gli attori geopolitici, inclusi i contatti diplomatici con Hamas in Palestina, su mandato ufficiale dell&#8217;allora ministra <strong>Micheline Calmy-Rey<\/strong>. Questa sua volont\u00e0 e capacit\u00e0 di parlare con tutti e il suo noto scetticismo verso l&#8217;alleanza militare atlantica, lo avevano reso l&#8217;obiettivo perfetto dei circoli militaristi nostrani da anni subalterni alla NATO.<\/p>\n\n\n\n<p class=\"wp-block-paragraph\">Nel giro di un mese, la sua nomina \u00e8 stata sabotata: attraverso una campagna mediatica finto-moralizzatrice guidata dal quotidiano scandalistico <em>Blick<\/em> e alimentata, secondo fonti diplomatiche, da veline dei servizi segreti del regime sionista, Ruch \u00e8 stato dipinto come un soggetto ricattabile a causa di presunte vicende legate alla sua vita privata. Dietro questo paravento puritano si nascondeva in realt\u00e0 quello che molti all&#8217;interno del corpo diplomatico hanno definito senza mezzi termini un vero e proprio \u201c<strong>putsch della NATO\u201d<\/strong>. L&#8217;obiettivo era chiaro: eliminare un difensore della neutralit\u00e0 perpetua per fare spazio a figure ben pi\u00f9 malleabili rispetto ai diktat di Washington e Bruxelles. Oggi per\u00f2 \u00e8 proprio Jean-Daniel Ruch, dalle colonne dello stesso <em>Blick<\/em> che ne aveva orchestrato il linciaggio mediatico, a lanciare un atto d&#8217;accusa devastante contro le scelte di armamento e di allineamento bellico della Svizzera.<\/p>\n\n\n\n<h2 class=\"wp-block-heading\"><strong>Un disastro da 9 miliardi di franchi: l&#8217;allineamento alla NATO \u00e8 un salasso<\/strong><\/h2>\n\n\n\n<p class=\"wp-block-paragraph\">\u00abIl costo dell&#8217;allineamento alla NATO \u00e8 esorbitante\u00bb. Con queste parole, l&#8217;ex ambasciatore definisce \u201ccatastrofiche\u201d le decisioni d&#8217;acquisto di materiale bellico prese dal Dipartimento federale della difesa (DDPS) negli ultimi dieci anni. Mentre ai lavoratori svizzeri si chiedono sacrifici in nome dell&#8217;austerit\u00e0 e del pareggio di bilancio, la Confederazione ha impegnato la cifra astronomica di <strong>8,65 miliardi di franchi<\/strong> in quattro contratti d&#8217;acquisto con potenze imperialiste estere, versando gi\u00e0 quasi <strong>2 miliardi di anticipi<\/strong> a fondo perso. Risultati ottenuti? Nulla: ritardi infiniti, difetti strutturali, ricatti sui prezzi e una totale perdita di sovranit\u00e0 nazionale. Ruch analizza nel dettaglio i quattro pilastri della fallimentare politica dell\u2019attuale \u00e9lite europeista che governa la Svizzera:<\/p>\n\n\n\n<p class=\"wp-block-paragraph\"><em><u>1. Caccia F-35 (USA): il cappio finanziario di Washington<\/u><\/em>. Il Parlamento svizzero ha votato crediti per 6 miliardi di franchi per l&#8217;acquisto di 36 caccia americani F-35. Berna ha gi\u00e0 versato anticipatamente 1,4 miliardi (870 milioni a fine 2025 e 500 milioni nel giugno successivo). Eppure, il governo USA ha stracciato le promesse di garanzia sul prezzo fatte nel 2022, imponendo alla Confederazione i prezzi reali negoziati lotto per lotto tra il Pentagono e la multinazionale Lockheed Martin. Il risultato di questo ricatto? Il Consiglio federale ha dovuto ammettere che il credito stanziato non baster\u00e0 pi\u00f9 e che, molto probabilmente, dovremo accontentarci di soli 30 aerei anzich\u00e9 i 36 pattuiti, sempre che i prezzi non salgano ulteriormente. Meno aerei, pi\u00f9 costi: ecco il \u201ctrattamento di favore\u201d riservato ai vassalli degli USA.<\/p>\n\n\n\n<p class=\"wp-block-paragraph\"><em><u>2. Batterie Patriot (USA)<\/u><\/em>: pagate e mai consegnate. Per il sistema di difesa terra-aria Patriot, la Svizzera ha gi\u00e0 sborsato 700 milioni di franchi di acconti. Ad oggi, la consegna \u00e8 pari a zero. Le prime batterie, previste per il 2026, sono state posticipate a data da destinarsi. Il motivo ufficiale addotto dal DDPS \u00e8 che Washington ha dato la priorit\u00e0 al rifornimento del regime di Kiev per continuare a provocare la Russia.<\/p>\n\n\n\n<p class=\"wp-block-paragraph\"><em><u>3. Droni Hermes (Israele)<\/u><\/em>: tecnologia inaffidabile pagata a caro prezzo. La Svizzera ha investito ben 240 milioni di franchi nei droni israeliani prodotti dalla Elbit. Al di l\u00e0 del giudizio morale di commerciare in armi con il regime genocidario di Tel Aviv, con un ritardo accumulato di quasi otto anni rispetto alle previsioni, le forze aeree confederate hanno ricevuto solo 3 droni su 6. Ma la beffa non finisce qui: per sbloccare la consegna, il progetto iniziale \u00e8 stato privato di funzionalit\u00e0 fondamentali, come il sistema di evitamento automatico delle collisioni, il sistema di sbrinamento e la capacit\u00e0 di decollo e atterraggio indipendente dal segnale GPS. Gli alti funzionari incompetenti piazzati a Berna hanno acquistato a peso d&#8217;oro droni tecnologicamente monchi dal braccio armato del sionismo.<\/p>\n\n\n\n<p class=\"wp-block-paragraph\"><em><u>4. Radio Elbit (Israele<\/u><\/em>): un buco nero nei sistemi di comunicazione. Per il sistema di radio mobili fornito sempre dalla sionista Elbit, il contratto ammonta a 377 milioni di franchi. Anche qui il ritardo stimato \u00e8 di almeno quattro anni a causa di gravi difetti di qualit\u00e0, difficolt\u00e0 di fornitura e incertezze sulle prestazioni reali. Il Controllo federale delle finanze \u00e8 stato persino costretto a trattenere alcuni pagamenti a causa delle palesi inadempienze del fornitore sionista.<\/p>\n\n\n\n<h2 class=\"wp-block-heading\"><strong>Ruch si chiede: \u00abIncompetenza o corruzione?\u00bb!<\/strong><\/h2>\n\n\n\n<p class=\"wp-block-paragraph\">Davanti a questo disastro sistematico che denota il declino in Svizzera della selezione dei funzionari e dei diplomatici, Jean-Daniel Ruch pone una domanda coraggiosa: q<em>ueste decisioni sono il frutto di incompetenza, di influenze straniere in seno al Dipartimento della difesa o di corruzione?<\/em><\/p>\n\n\n\n<p class=\"wp-block-paragraph\">L&#8217;ex ambasciatore evoca un precedente storico illustre: il celebre <strong>scandalo dei Mirage del 1964<\/strong>. All&#8217;epoca, di fronte a un superamento dei costi di 576 milioni di franchi (cifre allora ritenute astronomiche), la democrazia svizzera seppe avere un sussulto di dignit\u00e0: fu istituita una Commissione parlamentare d&#8217;inchiesta, il capo dello Stato Maggiore Generale dell\u2019esercito si dimise, il Comandante delle forze aeree fu sollevato dall&#8217;incarico e, due anni dopo, lo stesso ministro della difesa se ne and\u00f2. Oggi, invece, assistiamo a un totale collasso della responsabilit\u00e0 politica: funzionari e consiglieri federali si trincerano dietro il silenzio mentre i soldi dei contribuenti evaporano nei bilanci delle multinazionali militari statunitensi e sioniste. Anzi, si sta allargando un gorgo di costi: per coprire le falle lasciate dai Patriot, infatti, Berna ha speso un altro miliardo per sistemi a corto raggio tedeschi e sta negoziando un ulteriore esborso di 5 miliardi di franchi con fornitori francesi, israeliani e sudcoreani per un secondo sistema a lungo raggio.<\/p>\n\n\n\n<p class=\"wp-block-paragraph\">Difficilmente si tratta di semplice \u201cincompetenza\u201d della burocrazia. \u00c8 la logica conseguenza della sottomissione della classe dirigente svizzera agli interessi finanziari e militari dell&#8217;imperialismo atlantico. L&#8217;allineamento di fatto alla NATO e l&#8217;acquisto subordinato di sistemi d\u2019arma con vincolo tecnologico e informatico alla sola NATO non servono a difendere la popolazione come vogliono far credere, ma a integrare la Confederazione nella macchina da guerra atlantica, a scapito della neutralit\u00e0 e del benessere. Ruch, che oggi dirige un <em>think tank<\/em> a Ginevra, propone l&#8217;immediata istituzione di una Commissione Parlamentare d&#8217;Inchiesta per fare luce su questa mangiatoia bellica, oltre allo stop immediato al flusso di denaro pubblico verso l&#8217;industria criminale sionista,&nbsp; rivendicando al contrario il recupero di una neutralit\u00e0 integrale e soprattutto ben definita a livello costituzionale.<\/p>\n","protected":false},"excerpt":{"rendered":"<p>Sono miliardi i franchi regalati all&#8217;industria bellica statunitense e sionista mentre i servizi pubblici nel nostro Paese vengono tagliati. La denuncia dell&#8217;ex ambasciatore dissidente Jean-Daniel Ruch squarcia il velo d&#8217;ipocrisia del Dipartimento federale della difesa: incompetenza, corruzione o sottomissione geopolitica? La rimozione di Jean-Daniel Ruch e il \u201cPutsch della NATO\u201d a Berna Non avevamo torto quando, dalle colonne di questo sito denunciavamo le manovre torbide dietro la clamorosa defenestrazione dell&#8217;ambasciatore&nbsp; svizzero Jean-Daniel Ruch. La vicenda, ricostruita allora con precisione dal segretario del Partito Comunista Massimiliano Ay e svelata nei suoi dettagli pi\u00f9 inquietanti dal portale giornalistico indipendente che oggi \u00e8<\/p>\n","protected":false},"author":2,"featured_media":17268,"comment_status":"closed","ping_status":"open","sticky":false,"template":"","format":"standard","meta":{"footnotes":""},"categories":[3],"tags":[],"coauthors":[259],"class_list":["post-17267","post","type-post","status-publish","format-standard","has-post-thumbnail","hentry","category-interni"],"_links":{"self":[{"href":"https:\/\/www.politicanuova.ch\/index.php?rest_route=\/wp\/v2\/posts\/17267","targetHints":{"allow":["GET"]}}],"collection":[{"href":"https:\/\/www.politicanuova.ch\/index.php?rest_route=\/wp\/v2\/posts"}],"about":[{"href":"https:\/\/www.politicanuova.ch\/index.php?rest_route=\/wp\/v2\/types\/post"}],"author":[{"embeddable":true,"href":"https:\/\/www.politicanuova.ch\/index.php?rest_route=\/wp\/v2\/users\/2"}],"replies":[{"embeddable":true,"href":"https:\/\/www.politicanuova.ch\/index.php?rest_route=%2Fwp%2Fv2%2Fcomments&post=17267"}],"version-history":[{"count":1,"href":"https:\/\/www.politicanuova.ch\/index.php?rest_route=\/wp\/v2\/posts\/17267\/revisions"}],"predecessor-version":[{"id":17269,"href":"https:\/\/www.politicanuova.ch\/index.php?rest_route=\/wp\/v2\/posts\/17267\/revisions\/17269"}],"wp:featuredmedia":[{"embeddable":true,"href":"https:\/\/www.politicanuova.ch\/index.php?rest_route=\/wp\/v2\/media\/17268"}],"wp:attachment":[{"href":"https:\/\/www.politicanuova.ch\/index.php?rest_route=%2Fwp%2Fv2%2Fmedia&parent=17267"}],"wp:term":[{"taxonomy":"category","embeddable":true,"href":"https:\/\/www.politicanuova.ch\/index.php?rest_route=%2Fwp%2Fv2%2Fcategories&post=17267"},{"taxonomy":"post_tag","embeddable":true,"href":"https:\/\/www.politicanuova.ch\/index.php?rest_route=%2Fwp%2Fv2%2Ftags&post=17267"},{"taxonomy":"author","embeddable":true,"href":"https:\/\/www.politicanuova.ch\/index.php?rest_route=%2Fwp%2Fv2%2Fcoauthors&post=17267"}],"curies":[{"name":"wp","href":"https:\/\/api.w.org\/{rel}","templated":true}]}}